{"id":855,"date":"2012-11-09T09:06:38","date_gmt":"2012-11-09T08:06:38","guid":{"rendered":"http:\/\/www.wordpress.kram.de\/?p=855"},"modified":"2012-12-09T16:27:41","modified_gmt":"2012-12-09T15:27:41","slug":"erfolgreiche-teilnahme-unseres-vereins-beim-koln-marathon","status":"publish","type":"post","link":"http:\/\/www.wordpress.kram.de\/?p=855","title":{"rendered":"Erfolgreiche Teilnahme unseres Vereins beim K\u00f6ln-Marathon"},"content":{"rendered":"<p>Sehr erfreulich sind die aktuellen Ergebnisse unserer L\u00e4ufer und L\u00e4uferinnen, die letztes Wochenende mit neun Personen am K\u00f6ln-Marathon teilgenommen haben:<\/p>\n<ul>\n<li><strong>Stefan und Erich waren unter den Top-100<\/strong><\/li>\n<li>Unsere Damen (Anette, Claudia, Susanne) haben in der Mannschaftswertung Platz 17 erreicht.<\/li>\n<\/ul>\n<p>Die ausf\u00fchrlichen Ergebnislisten und weitere Informationen findet Ihr auf der Homepage vom K\u00f6ln-Marathon (<a title=\"K\u00f6ln-Marathon\" href=\"http:\/\/www.koeln-marathon.de\/\" target=\"_blank\">www.koeln-marathon.de<\/a>)<\/p>\n","protected":false},"excerpt":{"rendered":"<p>Sehr erfreulich sind die aktuellen Ergebnisse unserer L\u00e4ufer und L\u00e4uferinnen, die letztes Wochenende mit neun Personen am K\u00f6ln-Marathon teilgenommen haben: Stefan und Erich waren unter den Top-100 Unsere Damen (Anette, [&hellip;]<\/p>\n","protected":false},"author":1,"featured_media":0,"comment_status":"closed","ping_status":"closed","sticky":false,"template":"","format":"standard","meta":{"ngg_post_thumbnail":0,"footnotes":""},"categories":[6],"tags":[],"class_list":["post-855","post","type-post","status-publish","format-standard","hentry","category-abt-lauftreff"],"_links":{"self":[{"href":"http:\/\/www.wordpress.kram.de\/index.php?rest_route=\/wp\/v2\/posts\/855","targetHints":{"allow":["GET"]}}],"collection":[{"href":"http:\/\/www.wordpress.kram.de\/index.php?rest_route=\/wp\/v2\/posts"}],"about":[{"href":"http:\/\/www.wordpress.kram.de\/index.php?rest_route=\/wp\/v2\/types\/post"}],"author":[{"embeddable":true,"href":"http:\/\/www.wordpress.kram.de\/index.php?rest_route=\/wp\/v2\/users\/1"}],"replies":[{"embeddable":true,"href":"http:\/\/www.wordpress.kram.de\/index.php?rest_route=%2Fwp%2Fv2%2Fcomments&post=855"}],"version-history":[{"count":6,"href":"http:\/\/www.wordpress.kram.de\/index.php?rest_route=\/wp\/v2\/posts\/855\/revisions"}],"predecessor-version":[{"id":873,"href":"http:\/\/www.wordpress.kram.de\/index.php?rest_route=\/wp\/v2\/posts\/855\/revisions\/873"}],"wp:attachment":[{"href":"http:\/\/www.wordpress.kram.de\/index.php?rest_route=%2Fwp%2Fv2%2Fmedia&parent=855"}],"wp:term":[{"taxonomy":"category","embeddable":true,"href":"http:\/\/www.wordpress.kram.de\/index.php?rest_route=%2Fwp%2Fv2%2Fcategories&post=855"},{"taxonomy":"post_tag","embeddable":true,"href":"http:\/\/www.wordpress.kram.de\/index.php?rest_route=%2Fwp%2Fv2%2Ftags&post=855"}],"curies":[{"name":"wp","href":"https:\/\/api.w.org\/{rel}","templated":true}]}}